{"id":12150,"date":"2023-05-15T12:20:12","date_gmt":"2023-05-15T10:20:12","guid":{"rendered":"http:\/\/przedszkole.kosowlacki.pl\/wordpress\/?p=12150"},"modified":"2023-05-15T12:28:40","modified_gmt":"2023-05-15T10:28:40","slug":"teatrzyk-w-naszym-przedszkolu","status":"publish","type":"post","link":"http:\/\/przedszkole.kosowlacki.pl\/wordpress\/teatrzyk-w-naszym-przedszkolu\/","title":{"rendered":"Teatrzyk w naszym przedszkolu"},"content":{"rendered":"<p>Z inicjatywy Miejsko-Gminnej Biblioteki Publicznej w Kosowie Lackim, go\u015bcili\u015bmy w naszym przedszkolu teatr. Teatr Maska przyjecha\u0142 do nas a\u017c z Krakowa, aby pokaza\u0107 histori\u0119 o zagubionych literkach w ksi\u0105\u017ckach i konsekwencjach ich ucieczki. Bohaterowie bajek czuli si\u0119 ca\u0142kowicie zagubieni, nie wiedzieli gdzie s\u0105 i jak odkr\u0119ci\u0107 ca\u0142\u0105 t\u0105 sytuacj\u0119. W ko\u0144cu literki zosta\u0142y odnalezione! Ucieczka literek by\u0142a spowodowana smutkiem jakiego doznaj\u0105 w zapominanych bibliotekach, do kt\u00f3rych przychodzi coraz mniej dzieci. Wsp\u00f3lnie z\u0142o\u017cyli\u015bmy oficjaln\u0105 przysi\u0119g\u0119 przed Kr\u00f3low\u0105, \u017ce b\u0119dziemy czyta\u0107 regularnie ksi\u0105\u017cki, a literki nie b\u0119d\u0105 czu\u0142y si\u0119 ju\u017c samotnie.<\/p>\n<p>Drodzy Rodzice, zach\u0119camy Was bardzo do odwiedzania z dzie\u0107mi biblioteki oraz regularnego, wsp\u00f3lnego czytania w domu!<\/p>\n<p>&nbsp;<\/p>\n<p>&nbsp;<\/p>\n<p>&nbsp;<\/p>\n<p>&nbsp;<\/p>\n<p style=\"text-align: right;\">A.Ferenc<\/p>\n<p>&nbsp;<\/p>\n","protected":false},"excerpt":{"rendered":"<p>Z inicjatywy Miejsko-Gminnej Biblioteki Publicznej w Kosowie Lackim, go\u015bcili\u015bmy w naszym przedszkolu teatr. Teatr Maska przyjecha\u0142 do nas a\u017c z Krakowa, aby pokaza\u0107 histori\u0119 o zagubionych literkach w ksi\u0105\u017ckach i konsekwencjach ich ucieczki. Bohaterowie bajek czuli si\u0119 ca\u0142kowicie zagubieni, nie wiedzieli gdzie s\u0105 i jak odkr\u0119ci\u0107 ca\u0142\u0105 t\u0105 sytuacj\u0119. W ko\u0144cu literki zosta\u0142y odnalezione! Ucieczka&hellip; <br \/> <a class=\"read-more\" href=\"http:\/\/przedszkole.kosowlacki.pl\/wordpress\/teatrzyk-w-naszym-przedszkolu\/\">Read more<\/a><\/p>\n","protected":false},"author":8,"featured_media":0,"comment_status":"open","ping_status":"open","sticky":false,"template":"","format":"standard","meta":[],"categories":[10],"tags":[],"_links":{"self":[{"href":"http:\/\/przedszkole.kosowlacki.pl\/wordpress\/wp-json\/wp\/v2\/posts\/12150"}],"collection":[{"href":"http:\/\/przedszkole.kosowlacki.pl\/wordpress\/wp-json\/wp\/v2\/posts"}],"about":[{"href":"http:\/\/przedszkole.kosowlacki.pl\/wordpress\/wp-json\/wp\/v2\/types\/post"}],"author":[{"embeddable":true,"href":"http:\/\/przedszkole.kosowlacki.pl\/wordpress\/wp-json\/wp\/v2\/users\/8"}],"replies":[{"embeddable":true,"href":"http:\/\/przedszkole.kosowlacki.pl\/wordpress\/wp-json\/wp\/v2\/comments?post=12150"}],"version-history":[{"count":2,"href":"http:\/\/przedszkole.kosowlacki.pl\/wordpress\/wp-json\/wp\/v2\/posts\/12150\/revisions"}],"predecessor-version":[{"id":12152,"href":"http:\/\/przedszkole.kosowlacki.pl\/wordpress\/wp-json\/wp\/v2\/posts\/12150\/revisions\/12152"}],"wp:attachment":[{"href":"http:\/\/przedszkole.kosowlacki.pl\/wordpress\/wp-json\/wp\/v2\/media?parent=12150"}],"wp:term":[{"taxonomy":"category","embeddable":true,"href":"http:\/\/przedszkole.kosowlacki.pl\/wordpress\/wp-json\/wp\/v2\/categories?post=12150"},{"taxonomy":"post_tag","embeddable":true,"href":"http:\/\/przedszkole.kosowlacki.pl\/wordpress\/wp-json\/wp\/v2\/tags?post=12150"}],"curies":[{"name":"wp","href":"https:\/\/api.w.org\/{rel}","templated":true}]}}