{"id":12099,"date":"2023-05-08T15:16:05","date_gmt":"2023-05-08T13:16:05","guid":{"rendered":"http:\/\/przedszkole.kosowlacki.pl\/wordpress\/?p=12099"},"modified":"2023-05-08T15:16:05","modified_gmt":"2023-05-08T13:16:05","slug":"dzien-dziecka-w-przedszkolu","status":"publish","type":"post","link":"http:\/\/przedszkole.kosowlacki.pl\/wordpress\/dzien-dziecka-w-przedszkolu\/","title":{"rendered":"Dzie\u0144 Dziecka w przedszkolu"},"content":{"rendered":"<h3 align=\"justify\"><span style=\"color: #ff0000;\">1 czerwca<\/span> ( czwartek) w naszym przedszkolu b\u0119dziemy \u015bwi\u0119towa\u0107 <span style=\"color: #ff0000;\">DZIE\u0143 DZIECKA<\/span>.<\/h3>\n<h3 align=\"justify\">Uroczysto\u015b\u0107 b\u0119dzie odbywa\u0142a si\u0119 w godzinach pracy przedszkola, bez udzia\u0142u rodzic\u00f3w.<\/h3>\n<h3 align=\"justify\">W tym dniu dla przedszkolak\u00f3w b\u0119dzie czeka\u0142o mn\u00f3stwo atrakcji.<\/h3>\n","protected":false},"excerpt":{"rendered":"<p>1 czerwca ( czwartek) w naszym przedszkolu b\u0119dziemy \u015bwi\u0119towa\u0107 DZIE\u0143 DZIECKA. Uroczysto\u015b\u0107 b\u0119dzie odbywa\u0142a si\u0119 w godzinach pracy przedszkola, bez udzia\u0142u rodzic\u00f3w. W tym dniu dla przedszkolak\u00f3w b\u0119dzie czeka\u0142o mn\u00f3stwo atrakcji.<\/p>\n","protected":false},"author":2,"featured_media":0,"comment_status":"open","ping_status":"open","sticky":false,"template":"","format":"standard","meta":[],"categories":[11],"tags":[],"_links":{"self":[{"href":"http:\/\/przedszkole.kosowlacki.pl\/wordpress\/wp-json\/wp\/v2\/posts\/12099"}],"collection":[{"href":"http:\/\/przedszkole.kosowlacki.pl\/wordpress\/wp-json\/wp\/v2\/posts"}],"about":[{"href":"http:\/\/przedszkole.kosowlacki.pl\/wordpress\/wp-json\/wp\/v2\/types\/post"}],"author":[{"embeddable":true,"href":"http:\/\/przedszkole.kosowlacki.pl\/wordpress\/wp-json\/wp\/v2\/users\/2"}],"replies":[{"embeddable":true,"href":"http:\/\/przedszkole.kosowlacki.pl\/wordpress\/wp-json\/wp\/v2\/comments?post=12099"}],"version-history":[{"count":1,"href":"http:\/\/przedszkole.kosowlacki.pl\/wordpress\/wp-json\/wp\/v2\/posts\/12099\/revisions"}],"predecessor-version":[{"id":12100,"href":"http:\/\/przedszkole.kosowlacki.pl\/wordpress\/wp-json\/wp\/v2\/posts\/12099\/revisions\/12100"}],"wp:attachment":[{"href":"http:\/\/przedszkole.kosowlacki.pl\/wordpress\/wp-json\/wp\/v2\/media?parent=12099"}],"wp:term":[{"taxonomy":"category","embeddable":true,"href":"http:\/\/przedszkole.kosowlacki.pl\/wordpress\/wp-json\/wp\/v2\/categories?post=12099"},{"taxonomy":"post_tag","embeddable":true,"href":"http:\/\/przedszkole.kosowlacki.pl\/wordpress\/wp-json\/wp\/v2\/tags?post=12099"}],"curies":[{"name":"wp","href":"https:\/\/api.w.org\/{rel}","templated":true}]}}