{"id":12097,"date":"2023-05-08T15:13:44","date_gmt":"2023-05-08T13:13:44","guid":{"rendered":"http:\/\/przedszkole.kosowlacki.pl\/wordpress\/?p=12097"},"modified":"2023-05-08T15:27:15","modified_gmt":"2023-05-08T13:27:15","slug":"zaproszenie-na-dzien-mamy-i-taty","status":"publish","type":"post","link":"http:\/\/przedszkole.kosowlacki.pl\/wordpress\/zaproszenie-na-dzien-mamy-i-taty\/","title":{"rendered":"Zaproszenie na Dzie\u0144 Mamy i Taty"},"content":{"rendered":"<h3 align=\"center\">Kochani Rodzice!!!<\/h3>\n<h3 style=\"text-align: center;\" align=\"left\">Serdecznie zapraszamy wszystkich Rodzic\u00f3w na uroczysto\u015b\u0107 przedszkoln\u0105<\/h3>\n<h3 style=\"text-align: center;\" align=\"left\">z okazji Dnia Mamy i Taty, kt\u00f3ra odb\u0119dzie si\u0119 <span style=\"color: #ff0000;\">30 maja<\/span> (wtorek):<\/h3>\n<h3 style=\"text-align: center;\" align=\"left\"><span style=\"color: #ff00ff;\">3 \u2013 4 latki <\/span>( Pszcz\u00f3\u0142ki, \u017babki, Misie, Tygryski) o godzinie <span style=\"color: #ff00ff;\">10.00<\/span><\/h3>\n<h3 style=\"text-align: center;\" align=\"left\"><span style=\"color: #00ff00;\">5 latki<\/span> ( Biedronki, Muchomorki)\u00a0 o godzinie<span style=\"color: #00ff00;\"> 11.00<\/span><\/h3>\n<h3 style=\"text-align: center;\" align=\"left\"><span style=\"color: #ff6600;\">6 latki <\/span>( S\u0142oneczka ,Motylki) o godzinie <span style=\"color: #ff6600;\">13.00<\/span><\/h3>\n<h3 style=\"text-align: right;\" align=\"center\">\u00a0 Serdecznie zapraszamy!!!<\/h3>\n","protected":false},"excerpt":{"rendered":"<p>Kochani Rodzice!!! Serdecznie zapraszamy wszystkich Rodzic\u00f3w na uroczysto\u015b\u0107 przedszkoln\u0105 z okazji Dnia Mamy i Taty, kt\u00f3ra odb\u0119dzie si\u0119 30 maja (wtorek): 3 \u2013 4 latki ( Pszcz\u00f3\u0142ki, \u017babki, Misie, Tygryski) o godzinie 10.00 5 latki ( Biedronki, Muchomorki)\u00a0 o godzinie 11.00 6 latki ( S\u0142oneczka ,Motylki) o godzinie 13.00 \u00a0 Serdecznie zapraszamy!!!<\/p>\n","protected":false},"author":2,"featured_media":0,"comment_status":"open","ping_status":"open","sticky":false,"template":"","format":"standard","meta":[],"categories":[11],"tags":[],"_links":{"self":[{"href":"http:\/\/przedszkole.kosowlacki.pl\/wordpress\/wp-json\/wp\/v2\/posts\/12097"}],"collection":[{"href":"http:\/\/przedszkole.kosowlacki.pl\/wordpress\/wp-json\/wp\/v2\/posts"}],"about":[{"href":"http:\/\/przedszkole.kosowlacki.pl\/wordpress\/wp-json\/wp\/v2\/types\/post"}],"author":[{"embeddable":true,"href":"http:\/\/przedszkole.kosowlacki.pl\/wordpress\/wp-json\/wp\/v2\/users\/2"}],"replies":[{"embeddable":true,"href":"http:\/\/przedszkole.kosowlacki.pl\/wordpress\/wp-json\/wp\/v2\/comments?post=12097"}],"version-history":[{"count":2,"href":"http:\/\/przedszkole.kosowlacki.pl\/wordpress\/wp-json\/wp\/v2\/posts\/12097\/revisions"}],"predecessor-version":[{"id":12103,"href":"http:\/\/przedszkole.kosowlacki.pl\/wordpress\/wp-json\/wp\/v2\/posts\/12097\/revisions\/12103"}],"wp:attachment":[{"href":"http:\/\/przedszkole.kosowlacki.pl\/wordpress\/wp-json\/wp\/v2\/media?parent=12097"}],"wp:term":[{"taxonomy":"category","embeddable":true,"href":"http:\/\/przedszkole.kosowlacki.pl\/wordpress\/wp-json\/wp\/v2\/categories?post=12097"},{"taxonomy":"post_tag","embeddable":true,"href":"http:\/\/przedszkole.kosowlacki.pl\/wordpress\/wp-json\/wp\/v2\/tags?post=12097"}],"curies":[{"name":"wp","href":"https:\/\/api.w.org\/{rel}","templated":true}]}}