{"id":12095,"date":"2023-05-08T13:39:02","date_gmt":"2023-05-08T11:39:02","guid":{"rendered":"http:\/\/przedszkole.kosowlacki.pl\/wordpress\/?p=12095"},"modified":"2023-05-08T13:39:02","modified_gmt":"2023-05-08T11:39:02","slug":"dzien-biblioteki-i-bibliotekarza","status":"publish","type":"post","link":"http:\/\/przedszkole.kosowlacki.pl\/wordpress\/dzien-biblioteki-i-bibliotekarza\/","title":{"rendered":"DZIE\u0143 BIBLIOTEKI I BIBLIOTEKARZA"},"content":{"rendered":"<p style=\"text-align: center;\">8 maja obchodzimy <strong>Og\u00f3lnopolski Dzie\u0144 Bibliotekarza i Bibliotek<\/strong>. \u015awi\u0119to to zosta\u0142o zainicjowane w 1985 roku przez Stowarzyszenie Bibliotekarzy Polskich. Przedszkolaki z tej okazji uda\u0142y si\u0119 na wycieczk\u0119 do naszej Miejsko-Gminnej Biblioteki. Dzieci z wielk\u0105 rado\u015bci\u0105 go\u015bci\u0142y w magicznym dla nich miejscu. Podczas wizyty mia\u0142y mo\u017cliwo\u015b\u0107 przej\u015b\u0107 mi\u0119dzy rega\u0142ami w wypo\u017cyczalni i zapoznania si\u0119 z bibliotek\u0105. Z zainteresowaniem przegl\u0105da\u0142y ksi\u0105\u017cki znajduj\u0105ce si\u0119 na p\u00f3\u0142kach, a szczeg\u00f3lne te z dzia\u0142u dla dzieci.<\/p>\n<p style=\"text-align: center;\"><strong>Dzi\u0119kujemy za sympatyczne spotkanie, a z okazji dzisiejszego \u015bwi\u0119ta sk\u0142adamy serdeczne \u017cyczenia dla wszystkich pracownik\u00f3w biblioteki. Niech zawsze w \u017cyciu towarzyszy Wam u\u015bmiech, a wra\u017cliwo\u015b\u0107 na s\u0142owo pisane, niech sprawia, \u017ce w naszej spo\u0142eczno\u015bci gminnej nigdy nie zabraknie wydarze\u0144, kt\u00f3re pozwol\u0105 odkrywa\u0107 pi\u0119kno \u017cycia na co dzie\u0144!<\/strong><\/p>\n<p style=\"text-align: right;\">E. Skorupka<\/p>\n","protected":false},"excerpt":{"rendered":"<p>8 maja obchodzimy Og\u00f3lnopolski Dzie\u0144 Bibliotekarza i Bibliotek. \u015awi\u0119to to zosta\u0142o zainicjowane w 1985 roku przez Stowarzyszenie Bibliotekarzy Polskich. Przedszkolaki z tej okazji uda\u0142y si\u0119 na wycieczk\u0119 do naszej Miejsko-Gminnej Biblioteki. Dzieci z wielk\u0105 rado\u015bci\u0105 go\u015bci\u0142y w magicznym dla nich miejscu. Podczas wizyty mia\u0142y mo\u017cliwo\u015b\u0107 przej\u015b\u0107 mi\u0119dzy rega\u0142ami w wypo\u017cyczalni i zapoznania si\u0119 z bibliotek\u0105.&hellip; <br \/> <a class=\"read-more\" href=\"http:\/\/przedszkole.kosowlacki.pl\/wordpress\/dzien-biblioteki-i-bibliotekarza\/\">Read more<\/a><\/p>\n","protected":false},"author":8,"featured_media":0,"comment_status":"open","ping_status":"open","sticky":false,"template":"","format":"standard","meta":[],"categories":[10],"tags":[],"_links":{"self":[{"href":"http:\/\/przedszkole.kosowlacki.pl\/wordpress\/wp-json\/wp\/v2\/posts\/12095"}],"collection":[{"href":"http:\/\/przedszkole.kosowlacki.pl\/wordpress\/wp-json\/wp\/v2\/posts"}],"about":[{"href":"http:\/\/przedszkole.kosowlacki.pl\/wordpress\/wp-json\/wp\/v2\/types\/post"}],"author":[{"embeddable":true,"href":"http:\/\/przedszkole.kosowlacki.pl\/wordpress\/wp-json\/wp\/v2\/users\/8"}],"replies":[{"embeddable":true,"href":"http:\/\/przedszkole.kosowlacki.pl\/wordpress\/wp-json\/wp\/v2\/comments?post=12095"}],"version-history":[{"count":1,"href":"http:\/\/przedszkole.kosowlacki.pl\/wordpress\/wp-json\/wp\/v2\/posts\/12095\/revisions"}],"predecessor-version":[{"id":12096,"href":"http:\/\/przedszkole.kosowlacki.pl\/wordpress\/wp-json\/wp\/v2\/posts\/12095\/revisions\/12096"}],"wp:attachment":[{"href":"http:\/\/przedszkole.kosowlacki.pl\/wordpress\/wp-json\/wp\/v2\/media?parent=12095"}],"wp:term":[{"taxonomy":"category","embeddable":true,"href":"http:\/\/przedszkole.kosowlacki.pl\/wordpress\/wp-json\/wp\/v2\/categories?post=12095"},{"taxonomy":"post_tag","embeddable":true,"href":"http:\/\/przedszkole.kosowlacki.pl\/wordpress\/wp-json\/wp\/v2\/tags?post=12095"}],"curies":[{"name":"wp","href":"https:\/\/api.w.org\/{rel}","templated":true}]}}