{"id":12013,"date":"2023-05-04T14:30:16","date_gmt":"2023-05-04T12:30:16","guid":{"rendered":"http:\/\/przedszkole.kosowlacki.pl\/wordpress\/?p=12013"},"modified":"2023-05-04T14:30:16","modified_gmt":"2023-05-04T12:30:16","slug":"dzien-strazaka-2","status":"publish","type":"post","link":"http:\/\/przedszkole.kosowlacki.pl\/wordpress\/dzien-strazaka-2\/","title":{"rendered":"DZIE\u0143 STRA\u017bAKA"},"content":{"rendered":"<p style=\"text-align: center;\">4 \u00a0maja 2023 r. Ochotnicz\u0105 Stra\u017c Po\u017carn\u0105 w Kosowie Lackim odwiedzi\u0142y dzieci z Gminnego Przedszkola w Kosowie Lackim. Dzie\u0144 \u015bw. Floriana\u00a0 &#8211; patrona stra\u017cak\u00f3w by\u0142 doskona\u0142\u0105 okazj\u0105 do spotkania z naszymi ochotnikami.<br \/>\nW czasie wizyty stra\u017cacy zaprezentowali dzieciom s\u0142u\u017cbowe wozy, sprz\u0119t ratowniczy i ga\u015bniczy, dodatkowe wyposa\u017cenie specjalistyczne, ubrania i sprz\u0119t ochrony osobistej.<\/p>\n<p style=\"text-align: center;\">Wszystkich przedszkolak\u00f3w bardzo ucieszy\u0142a mo\u017cliwo\u015bci wej\u015bcia do wozu stra\u017cackiego, d\u017awi\u0119ki \u00a0syreny oraz pokaz lania wody z w\u0119\u017cy stra\u017cackich. Zwiedzanie remizy wzbudzi\u0142o wiele pozytywnych emocji.<\/p>\n<p style=\"text-align: center;\">Na koniec odwiedzin dzieci z\u0142o\u017cy\u0142y stra\u017cakom \u017cyczenia i wr\u0119czy\u0142y kolorow\u0105 prac\u0119 o tematyce po\u017carniczej.<\/p>\n<p style=\"text-align: center;\">Z okazji Dnia Stra\u017caka sk\u0142adamy serdeczne \u017cyczenia i podzi\u0119kowania za oddan\u0105 i bezinteresown\u0105 pomoc oraz czuwanie nad bezpiecze\u0144stwem ma\u0142ych i du\u017cych mieszka\u0144c\u00f3w gminy Kos\u00f3w Lacki.<\/p>\n<p style=\"text-align: center;\">Dzi\u0119kujemy Wam za Wasz\u0105 prac\u0119 i za to, \u017ce jeste\u015bcie!<\/p>\n<p style=\"text-align: right;\">E. Ciesielska<\/p>\n","protected":false},"excerpt":{"rendered":"<p>4 \u00a0maja 2023 r. Ochotnicz\u0105 Stra\u017c Po\u017carn\u0105 w Kosowie Lackim odwiedzi\u0142y dzieci z Gminnego Przedszkola w Kosowie Lackim. Dzie\u0144 \u015bw. Floriana\u00a0 &#8211; patrona stra\u017cak\u00f3w by\u0142 doskona\u0142\u0105 okazj\u0105 do spotkania z naszymi ochotnikami. W czasie wizyty stra\u017cacy zaprezentowali dzieciom s\u0142u\u017cbowe wozy, sprz\u0119t ratowniczy i ga\u015bniczy, dodatkowe wyposa\u017cenie specjalistyczne, ubrania i sprz\u0119t ochrony osobistej. Wszystkich przedszkolak\u00f3w bardzo&hellip; <br \/> <a class=\"read-more\" href=\"http:\/\/przedszkole.kosowlacki.pl\/wordpress\/dzien-strazaka-2\/\">Read more<\/a><\/p>\n","protected":false},"author":8,"featured_media":0,"comment_status":"open","ping_status":"open","sticky":false,"template":"","format":"standard","meta":[],"categories":[10],"tags":[],"_links":{"self":[{"href":"http:\/\/przedszkole.kosowlacki.pl\/wordpress\/wp-json\/wp\/v2\/posts\/12013"}],"collection":[{"href":"http:\/\/przedszkole.kosowlacki.pl\/wordpress\/wp-json\/wp\/v2\/posts"}],"about":[{"href":"http:\/\/przedszkole.kosowlacki.pl\/wordpress\/wp-json\/wp\/v2\/types\/post"}],"author":[{"embeddable":true,"href":"http:\/\/przedszkole.kosowlacki.pl\/wordpress\/wp-json\/wp\/v2\/users\/8"}],"replies":[{"embeddable":true,"href":"http:\/\/przedszkole.kosowlacki.pl\/wordpress\/wp-json\/wp\/v2\/comments?post=12013"}],"version-history":[{"count":1,"href":"http:\/\/przedszkole.kosowlacki.pl\/wordpress\/wp-json\/wp\/v2\/posts\/12013\/revisions"}],"predecessor-version":[{"id":12014,"href":"http:\/\/przedszkole.kosowlacki.pl\/wordpress\/wp-json\/wp\/v2\/posts\/12013\/revisions\/12014"}],"wp:attachment":[{"href":"http:\/\/przedszkole.kosowlacki.pl\/wordpress\/wp-json\/wp\/v2\/media?parent=12013"}],"wp:term":[{"taxonomy":"category","embeddable":true,"href":"http:\/\/przedszkole.kosowlacki.pl\/wordpress\/wp-json\/wp\/v2\/categories?post=12013"},{"taxonomy":"post_tag","embeddable":true,"href":"http:\/\/przedszkole.kosowlacki.pl\/wordpress\/wp-json\/wp\/v2\/tags?post=12013"}],"curies":[{"name":"wp","href":"https:\/\/api.w.org\/{rel}","templated":true}]}}