{"id":12009,"date":"2023-05-04T14:24:24","date_gmt":"2023-05-04T12:24:24","guid":{"rendered":"http:\/\/przedszkole.kosowlacki.pl\/wordpress\/?p=12009"},"modified":"2023-05-04T14:24:57","modified_gmt":"2023-05-04T12:24:57","slug":"12009-2","status":"publish","type":"post","link":"http:\/\/przedszkole.kosowlacki.pl\/wordpress\/12009-2\/","title":{"rendered":"DZIE\u0143 FLAGI"},"content":{"rendered":"<p style=\"text-align: center;\"><em>\u201ePowiewa flaga, gdy wiatr si\u0119 zerwie,<\/em><br \/>\n<em style=\"font-weight: inherit;\">A na tej fladze, biel jest i czerwie\u0144,<\/em><br \/>\n<em style=\"font-weight: inherit;\">Czerwie\u0144 to mi\u0142o\u015b\u0107,<\/em><br \/>\n<em style=\"font-weight: inherit;\">Biel serce czyste,<\/em><br \/>\n<em style=\"font-weight: inherit;\">Pi\u0119kne s\u0105 nasze barwy ojczyste\u201d Cz. Janczarski<\/em><\/p>\n<p style=\"text-align: center;\">\u00a0Budzenie u dzieci poczucia to\u017csamo\u015bci narodowej oraz wi\u0119zi z w\u0142asn\u0105 Ojczyzn\u0105 to wa\u017cne zadanie dla rodzic\u00f3w i wychowawc\u00f3w. W naszym przedszkolu dbamy,\u00a0 by dzieci poznawa\u0142y swoj\u0105 Ojczyzn\u0119, jej symbole i tradycje, a \u015bwi\u0119ta pa\u0144stwowe takie jak 2 maja- Dzie\u0144 Flagi Rzeczypospolitej Polskiej s\u0105 doskona\u0142\u0105 okazj\u0105, by pozna\u0107 barwy ojczyste i symbole narodowe. We wszystkich grupach wiekowych, adekwatnie do mo\u017cliwo\u015bci dzieci\u00a0 realizowano zaj\u0119cia o tre\u015bciach patriotycznych. Dzieci wykonywa\u0142y rysunki, chor\u0105giewki, malowa\u0142y god\u0142o i flagi, s\u0142ucha\u0142y hymnu, legend o powstaniu pa\u0144stwa polskiego, uczy\u0142y si\u0119 piosenek i wierszy patriotycznych.<\/p>\n<p style=\"text-align: right;\">E. Ciesielska<\/p>\n","protected":false},"excerpt":{"rendered":"<p>\u201ePowiewa flaga, gdy wiatr si\u0119 zerwie, A na tej fladze, biel jest i czerwie\u0144, Czerwie\u0144 to mi\u0142o\u015b\u0107, Biel serce czyste, Pi\u0119kne s\u0105 nasze barwy ojczyste\u201d Cz. Janczarski \u00a0Budzenie u dzieci poczucia to\u017csamo\u015bci narodowej oraz wi\u0119zi z w\u0142asn\u0105 Ojczyzn\u0105 to wa\u017cne zadanie dla rodzic\u00f3w i wychowawc\u00f3w. W naszym przedszkolu dbamy,\u00a0 by dzieci poznawa\u0142y swoj\u0105 Ojczyzn\u0119, jej&hellip; <br \/> <a class=\"read-more\" href=\"http:\/\/przedszkole.kosowlacki.pl\/wordpress\/12009-2\/\">Read more<\/a><\/p>\n","protected":false},"author":8,"featured_media":0,"comment_status":"open","ping_status":"open","sticky":false,"template":"","format":"standard","meta":[],"categories":[10],"tags":[],"_links":{"self":[{"href":"http:\/\/przedszkole.kosowlacki.pl\/wordpress\/wp-json\/wp\/v2\/posts\/12009"}],"collection":[{"href":"http:\/\/przedszkole.kosowlacki.pl\/wordpress\/wp-json\/wp\/v2\/posts"}],"about":[{"href":"http:\/\/przedszkole.kosowlacki.pl\/wordpress\/wp-json\/wp\/v2\/types\/post"}],"author":[{"embeddable":true,"href":"http:\/\/przedszkole.kosowlacki.pl\/wordpress\/wp-json\/wp\/v2\/users\/8"}],"replies":[{"embeddable":true,"href":"http:\/\/przedszkole.kosowlacki.pl\/wordpress\/wp-json\/wp\/v2\/comments?post=12009"}],"version-history":[{"count":2,"href":"http:\/\/przedszkole.kosowlacki.pl\/wordpress\/wp-json\/wp\/v2\/posts\/12009\/revisions"}],"predecessor-version":[{"id":12011,"href":"http:\/\/przedszkole.kosowlacki.pl\/wordpress\/wp-json\/wp\/v2\/posts\/12009\/revisions\/12011"}],"wp:attachment":[{"href":"http:\/\/przedszkole.kosowlacki.pl\/wordpress\/wp-json\/wp\/v2\/media?parent=12009"}],"wp:term":[{"taxonomy":"category","embeddable":true,"href":"http:\/\/przedszkole.kosowlacki.pl\/wordpress\/wp-json\/wp\/v2\/categories?post=12009"},{"taxonomy":"post_tag","embeddable":true,"href":"http:\/\/przedszkole.kosowlacki.pl\/wordpress\/wp-json\/wp\/v2\/tags?post=12009"}],"curies":[{"name":"wp","href":"https:\/\/api.w.org\/{rel}","templated":true}]}}