{"id":11892,"date":"2023-04-25T14:42:36","date_gmt":"2023-04-25T12:42:36","guid":{"rendered":"http:\/\/przedszkole.kosowlacki.pl\/wordpress\/?p=11892"},"modified":"2023-04-25T14:42:36","modified_gmt":"2023-04-25T12:42:36","slug":"mrowka-w-przedszkolu-2","status":"publish","type":"post","link":"http:\/\/przedszkole.kosowlacki.pl\/wordpress\/mrowka-w-przedszkolu-2\/","title":{"rendered":"MR\u00d3WKA W PRZEDSZKOLU"},"content":{"rendered":"<p class=\"western\" align=\"left\">24 kwietnia 2023r. w ramach obchod\u00f3w Dnia Ziemi do naszego przedszkola zawita\u0142 <i>Pan Mr\u00f3wka<\/i> z PSB-Mr\u00f3wka w Kosowie Lackim. W spotkaniu wzi\u0119\u0142y udzia\u0142 najstarsze grupy przedszkolak\u00f3w. Dzieci wraz z <i>Panem Mr\u00f3wk\u0105<\/i> przypomnia\u0142y sobie zasady w\u0142a\u015bciwego zachowania si\u0119 w lesie, a nast\u0119pnie wykona\u0142y prac\u0119 plastyczno-techniczn\u0105 z u\u017cyciem materia\u0142u przyrodniczego i plasteliny. Ka\u017cde dziecko mia\u0142o mo\u017cliwo\u015b\u0107 stworzenia swojego w\u0142asnego lasu zamkni\u0119tego w s\u0142oiku. Sklep PSB-Mr\u00f3wka zadba\u0142 o dostarczenie nam ziemi oraz potrzebnego materia\u0142u przyrodniczego. Ponadto otrzymali\u015bmy sadzonk\u0119 drzewka owocowego, kt\u00f3re zosta\u0142o zasadzone w naszym ogrodzie przedszkolnym. Dzieciom bardzo podoba\u0142a si\u0119 taka aktywno\u015b\u0107. Przedszkolaki by\u0142y zachwycone pluszow\u0105 mr\u00f3wk\u0105 i mia\u0142y do niej wiele pyta\u0144. Spotkanie s\u0142u\u017cy\u0142o kszta\u0142towaniu postaw proekologicznych oraz uwra\u017cliwieniu dzieci na pi\u0119kno otaczaj\u0105cej nas natury. Prace dzieci mo\u017cna podziwia\u0107 na wystawie w holu przedszkolnym.<\/p>\n<p class=\"western\" align=\"left\">Dzi\u0119kujemy PSB-Mr\u00f3wka w Kosowie Lackim za wsp\u00f3\u0142prac\u0119 \ud83d\ude42<\/p>\n","protected":false},"excerpt":{"rendered":"<p>24 kwietnia 2023r. w ramach obchod\u00f3w Dnia Ziemi do naszego przedszkola zawita\u0142 Pan Mr\u00f3wka z PSB-Mr\u00f3wka w Kosowie Lackim. W spotkaniu wzi\u0119\u0142y udzia\u0142 najstarsze grupy przedszkolak\u00f3w. Dzieci wraz z Panem Mr\u00f3wk\u0105 przypomnia\u0142y sobie zasady w\u0142a\u015bciwego zachowania si\u0119 w lesie, a nast\u0119pnie wykona\u0142y prac\u0119 plastyczno-techniczn\u0105 z u\u017cyciem materia\u0142u przyrodniczego i plasteliny. Ka\u017cde dziecko mia\u0142o mo\u017cliwo\u015b\u0107 stworzenia&hellip; <br \/> <a class=\"read-more\" href=\"http:\/\/przedszkole.kosowlacki.pl\/wordpress\/mrowka-w-przedszkolu-2\/\">Read more<\/a><\/p>\n","protected":false},"author":9,"featured_media":0,"comment_status":"open","ping_status":"open","sticky":false,"template":"","format":"standard","meta":[],"categories":[10],"tags":[],"_links":{"self":[{"href":"http:\/\/przedszkole.kosowlacki.pl\/wordpress\/wp-json\/wp\/v2\/posts\/11892"}],"collection":[{"href":"http:\/\/przedszkole.kosowlacki.pl\/wordpress\/wp-json\/wp\/v2\/posts"}],"about":[{"href":"http:\/\/przedszkole.kosowlacki.pl\/wordpress\/wp-json\/wp\/v2\/types\/post"}],"author":[{"embeddable":true,"href":"http:\/\/przedszkole.kosowlacki.pl\/wordpress\/wp-json\/wp\/v2\/users\/9"}],"replies":[{"embeddable":true,"href":"http:\/\/przedszkole.kosowlacki.pl\/wordpress\/wp-json\/wp\/v2\/comments?post=11892"}],"version-history":[{"count":1,"href":"http:\/\/przedszkole.kosowlacki.pl\/wordpress\/wp-json\/wp\/v2\/posts\/11892\/revisions"}],"predecessor-version":[{"id":11894,"href":"http:\/\/przedszkole.kosowlacki.pl\/wordpress\/wp-json\/wp\/v2\/posts\/11892\/revisions\/11894"}],"wp:attachment":[{"href":"http:\/\/przedszkole.kosowlacki.pl\/wordpress\/wp-json\/wp\/v2\/media?parent=11892"}],"wp:term":[{"taxonomy":"category","embeddable":true,"href":"http:\/\/przedszkole.kosowlacki.pl\/wordpress\/wp-json\/wp\/v2\/categories?post=11892"},{"taxonomy":"post_tag","embeddable":true,"href":"http:\/\/przedszkole.kosowlacki.pl\/wordpress\/wp-json\/wp\/v2\/tags?post=11892"}],"curies":[{"name":"wp","href":"https:\/\/api.w.org\/{rel}","templated":true}]}}