{"id":11755,"date":"2023-04-24T13:49:06","date_gmt":"2023-04-24T11:49:06","guid":{"rendered":"http:\/\/przedszkole.kosowlacki.pl\/wordpress\/?p=11755"},"modified":"2023-04-24T13:50:15","modified_gmt":"2023-04-24T11:50:15","slug":"11755-2","status":"publish","type":"post","link":"http:\/\/przedszkole.kosowlacki.pl\/wordpress\/11755-2\/","title":{"rendered":"EKO PRZEDSZKOLAKI"},"content":{"rendered":"<p style=\"text-align: center;\">Wszyscy doskonale wiemy jak wa\u017cne jest dbanie o nasz\u0105 planet\u0119. Je\u015bli tego nie zrobimy umrze ona, a razem z ni\u0105 my, dlatego pami\u0119tamy, aby ju\u017c od najm\u0142odszych lat uczy\u0107 dzieci jak prawid\u0142owo o ni\u0105 dba\u0107. Jako przyjaciele \u015brodowiska realizujemy w naszym przedszkolu program ekologiczny <strong>\u201eWiem i rozumiem- dbam o przyrod\u0119\u201d<\/strong>. Na r\u00f3\u017cne sposoby staramy si\u0119 dba\u0107 o nasz\u0105 przyrod\u0119 oraz pokazujemy jak mo\u017cemy da\u0107 nowe \u017cycie wykorzystanym surowcom wt\u00f3rnym.<\/p>\n<p style=\"text-align: center;\">Wraz z nadej\u015bciem wiosny ruszaj\u0105 r\u00f3\u017cne programy promuj\u0105ce postawy pro-ekologiczne. W zwi\u0105zku z przypadaj\u0105cym na dzie\u0144 <strong>22 kwietnia Dzie\u0144 Ziemi<\/strong> w naszym przedszkolu powsta\u0142 cykl wydarze\u0144 zwi\u0105zanych z ekologi\u0105. Pierwszym z wydarze\u0144 by\u0142 temat prawid\u0142owego segregowania \u015bmieci. Z tej okazji nasze przedszkole w\u0142\u0105czy\u0142o si\u0119 w og\u00f3lnopolsk\u0105 akcj\u0119<strong> \u201eSprz\u0105tamy dla Polski\u201d<\/strong>, kt\u00f3ra zorganizowana zosta\u0142a ju\u017c po raz pi\u0105ty. Dzieci z grupy 5-cio i 6-latk\u00f3w wsp\u00f3lnie z paniami posprz\u0105ta\u0142y okolice naszego przedszkola pami\u0119taj\u0105c o prawid\u0142owej segregacji odpad\u00f3w. Pomogli\u015bmy w ten spos\u00f3b chocia\u017c troch\u0119 zadba\u0107 o nasz\u0105 najbli\u017csz\u0105 okolic\u0119, w zamian za co dostali\u015bmy baloniki w kolorach niebieskim, \u017c\u00f3\u0142tym i zielonym oraz po s\u0142odkim upominku ufundowanym przez nasz\u0105 gmin\u0119.<\/p>\n<p style=\"text-align: center;\">W naszym przedszkolu zorganizowany zosta\u0142 r\u00f3wnie\u017c <strong>konkurs \u201eEko-zabawka\u201d<\/strong>, kt\u00f3ry spotka\u0142 si\u0119 z bardzo du\u017cym zainteresowaniem w\u015br\u00f3d przedszkolak\u00f3w. Wsp\u00f3lnie z Rodzicami wykonali wspania\u0142e prace, kt\u00f3re zosta\u0142y zaprezentowane na przygotowanej wystawie przedszkolnej.<\/p>\n<p style=\"text-align: center;\">24 kwietnia zaj\u0119cia dydaktyczne po\u015bwi\u0119cone by\u0142y w dalszym ci\u0105gu naszej planecie \u2013 we wszystkich grupach \u015bwi\u0119towali\u015bmy <strong>Dzie\u0144 Ziemi<\/strong>. By\u0142y rozmowy, weso\u0142e zabawy, spacery po naszej pi\u0119knej okolicy. Nie mog\u0142o zabrakn\u0105\u0107 spotkania z Kubusiem w ramach programu <strong>\u201eKubusiowi Przyjaciele Natury\u201d<\/strong>, kt\u00f3ry ju\u017c od kilku lat sukcesem realizujemy.<\/p>\n<p style=\"text-align: center;\">\u015awiadomo\u015b\u0107 ekologiczna naszych przedszkolak\u00f3w jest imponuj\u0105ca. Mamy nadziej\u0119, \u017ce zaprocentuje w przysz\u0142o\u015bci.<\/p>\n<p style=\"text-align: right;\">M. Nowak, E. Skorupka<\/p>\n<p style=\"text-align: right;\">\n","protected":false},"excerpt":{"rendered":"<p>Wszyscy doskonale wiemy jak wa\u017cne jest dbanie o nasz\u0105 planet\u0119. Je\u015bli tego nie zrobimy umrze ona, a razem z ni\u0105 my, dlatego pami\u0119tamy, aby ju\u017c od najm\u0142odszych lat uczy\u0107 dzieci jak prawid\u0142owo o ni\u0105 dba\u0107. Jako przyjaciele \u015brodowiska realizujemy w naszym przedszkolu program ekologiczny \u201eWiem i rozumiem- dbam o przyrod\u0119\u201d. Na r\u00f3\u017cne sposoby staramy si\u0119&hellip; <br \/> <a class=\"read-more\" href=\"http:\/\/przedszkole.kosowlacki.pl\/wordpress\/11755-2\/\">Read more<\/a><\/p>\n","protected":false},"author":8,"featured_media":0,"comment_status":"open","ping_status":"open","sticky":false,"template":"","format":"standard","meta":[],"categories":[10],"tags":[],"_links":{"self":[{"href":"http:\/\/przedszkole.kosowlacki.pl\/wordpress\/wp-json\/wp\/v2\/posts\/11755"}],"collection":[{"href":"http:\/\/przedszkole.kosowlacki.pl\/wordpress\/wp-json\/wp\/v2\/posts"}],"about":[{"href":"http:\/\/przedszkole.kosowlacki.pl\/wordpress\/wp-json\/wp\/v2\/types\/post"}],"author":[{"embeddable":true,"href":"http:\/\/przedszkole.kosowlacki.pl\/wordpress\/wp-json\/wp\/v2\/users\/8"}],"replies":[{"embeddable":true,"href":"http:\/\/przedszkole.kosowlacki.pl\/wordpress\/wp-json\/wp\/v2\/comments?post=11755"}],"version-history":[{"count":2,"href":"http:\/\/przedszkole.kosowlacki.pl\/wordpress\/wp-json\/wp\/v2\/posts\/11755\/revisions"}],"predecessor-version":[{"id":11757,"href":"http:\/\/przedszkole.kosowlacki.pl\/wordpress\/wp-json\/wp\/v2\/posts\/11755\/revisions\/11757"}],"wp:attachment":[{"href":"http:\/\/przedszkole.kosowlacki.pl\/wordpress\/wp-json\/wp\/v2\/media?parent=11755"}],"wp:term":[{"taxonomy":"category","embeddable":true,"href":"http:\/\/przedszkole.kosowlacki.pl\/wordpress\/wp-json\/wp\/v2\/categories?post=11755"},{"taxonomy":"post_tag","embeddable":true,"href":"http:\/\/przedszkole.kosowlacki.pl\/wordpress\/wp-json\/wp\/v2\/tags?post=11755"}],"curies":[{"name":"wp","href":"https:\/\/api.w.org\/{rel}","templated":true}]}}