{"id":10585,"date":"2022-12-30T12:56:32","date_gmt":"2022-12-30T11:56:32","guid":{"rendered":"http:\/\/przedszkole.kosowlacki.pl\/wordpress\/?p=10585"},"modified":"2022-12-30T12:56:32","modified_gmt":"2022-12-30T11:56:32","slug":"jaselka-2","status":"publish","type":"post","link":"http:\/\/przedszkole.kosowlacki.pl\/wordpress\/jaselka-2\/","title":{"rendered":"Jase\u0142ka"},"content":{"rendered":"<div class=\"ujudUb\" style=\"text-align: center;\">&#8222;Przybie\u017celi do Betlejem pasterze<br aria-hidden=\"true\" \/>Graj\u0105c skocznie Dzieci\u0105teczku na lirze<\/div>\n<div class=\"ujudUb\" style=\"text-align: center;\">Chwa\u0142a na wysoko\u015bci, chwa\u0142a na wysoko\u015bci, a pok\u00f3j na ziemi<br aria-hidden=\"true\" \/>Chwa\u0142a na wysoko\u015bci, chwa\u0142a na wysoko\u015bci, a pok\u00f3j na ziemi&#8221;<\/div>\n<div style=\"text-align: center;\"><\/div>\n<p style=\"text-align: center;\">\u00a022 grudnia w naszym przedszkolu odby\u0142y si\u0119 Jase\u0142ka, przygotowane przez grupy 6-latk\u00f3w. Mali arty\u015bci we wspania\u0142y spos\u00f3b przedstawili histori\u0119 Narodzin Jezusa. Dziewczynki przebrane by\u0142y za anio\u0142ki, a ch\u0142opcy za pastuszk\u00f3w. Nie zabrak\u0142o r\u00f3wnie\u017c g\u0142\u00f3wnych bohater\u00f3w, czyli Maryi i J\u00f3zefa. Szopk\u0119 z ma\u0142ym Jezusem odwiedzili trzej kr\u00f3lowie przynosz\u0105c dary dla nowonarodzonego dzieci\u0105tka.\u00a0 Dzieci wyst\u0105pi\u0142y w przepi\u0119knych strojach, g\u0142o\u015bno \u015bpiewa\u0142y kol\u0119dy i pi\u0119knie m\u00f3wi\u0142y swoje role. Po cz\u0119\u015bci artystycznej, w przedszkolu odby\u0142o si\u0119 spotkanie wigilijne, przy kt\u00f3rym z\u0142o\u017cyli\u015bmy sobie \u017cyczenia i podzielili\u015bmy op\u0142atkiem. S\u0142uchaj\u0105c kol\u0119d kosztowali\u015bmy pysznej kapusty wigilijnej i popijali\u015bmy gor\u0105cy barszczyk.<\/p>\n<p>&nbsp;<\/p>\n<p style=\"text-align: right;\">A. Ferenc<\/p>\n","protected":false},"excerpt":{"rendered":"<p>&#8222;Przybie\u017celi do Betlejem pasterzeGraj\u0105c skocznie Dzieci\u0105teczku na lirze Chwa\u0142a na wysoko\u015bci, chwa\u0142a na wysoko\u015bci, a pok\u00f3j na ziemiChwa\u0142a na wysoko\u015bci, chwa\u0142a na wysoko\u015bci, a pok\u00f3j na ziemi&#8221; \u00a022 grudnia w naszym przedszkolu odby\u0142y si\u0119 Jase\u0142ka, przygotowane przez grupy 6-latk\u00f3w. Mali arty\u015bci we wspania\u0142y spos\u00f3b przedstawili histori\u0119 Narodzin Jezusa. Dziewczynki przebrane by\u0142y za anio\u0142ki, a ch\u0142opcy&hellip; <br \/> <a class=\"read-more\" href=\"http:\/\/przedszkole.kosowlacki.pl\/wordpress\/jaselka-2\/\">Read more<\/a><\/p>\n","protected":false},"author":8,"featured_media":0,"comment_status":"open","ping_status":"open","sticky":false,"template":"","format":"standard","meta":[],"categories":[1,10],"tags":[],"_links":{"self":[{"href":"http:\/\/przedszkole.kosowlacki.pl\/wordpress\/wp-json\/wp\/v2\/posts\/10585"}],"collection":[{"href":"http:\/\/przedszkole.kosowlacki.pl\/wordpress\/wp-json\/wp\/v2\/posts"}],"about":[{"href":"http:\/\/przedszkole.kosowlacki.pl\/wordpress\/wp-json\/wp\/v2\/types\/post"}],"author":[{"embeddable":true,"href":"http:\/\/przedszkole.kosowlacki.pl\/wordpress\/wp-json\/wp\/v2\/users\/8"}],"replies":[{"embeddable":true,"href":"http:\/\/przedszkole.kosowlacki.pl\/wordpress\/wp-json\/wp\/v2\/comments?post=10585"}],"version-history":[{"count":1,"href":"http:\/\/przedszkole.kosowlacki.pl\/wordpress\/wp-json\/wp\/v2\/posts\/10585\/revisions"}],"predecessor-version":[{"id":10586,"href":"http:\/\/przedszkole.kosowlacki.pl\/wordpress\/wp-json\/wp\/v2\/posts\/10585\/revisions\/10586"}],"wp:attachment":[{"href":"http:\/\/przedszkole.kosowlacki.pl\/wordpress\/wp-json\/wp\/v2\/media?parent=10585"}],"wp:term":[{"taxonomy":"category","embeddable":true,"href":"http:\/\/przedszkole.kosowlacki.pl\/wordpress\/wp-json\/wp\/v2\/categories?post=10585"},{"taxonomy":"post_tag","embeddable":true,"href":"http:\/\/przedszkole.kosowlacki.pl\/wordpress\/wp-json\/wp\/v2\/tags?post=10585"}],"curies":[{"name":"wp","href":"https:\/\/api.w.org\/{rel}","templated":true}]}}