{"id":10433,"date":"2022-12-13T19:55:12","date_gmt":"2022-12-13T18:55:12","guid":{"rendered":"http:\/\/przedszkole.kosowlacki.pl\/wordpress\/?p=10433"},"modified":"2022-12-13T19:55:12","modified_gmt":"2022-12-13T18:55:12","slug":"dzien-ksiegarza","status":"publish","type":"post","link":"http:\/\/przedszkole.kosowlacki.pl\/wordpress\/dzien-ksiegarza\/","title":{"rendered":"DZIE\u0143 KSI\u0118GARZA"},"content":{"rendered":"<p style=\"text-align: center;\"><em>Cho\u0107 nie ma zamka ani kluczyka,<br \/>\ncz\u0119sto otwierasz j\u0105 i zamykasz.<br \/>\nW swym wn\u0119trzu wiele tajemnic mie\u015bci,<br \/>\nwierszyk\u00f3w, bajek i opowie\u015bci.<\/em><\/p>\n<p style=\"text-align: center;\"><em>Kto w sklepie bez wagi sprzedaje<br \/>\ndu\u017co wierszy i bajek?<\/em><\/p>\n<p style=\"text-align: center;\"><strong>13 grudnia swoje \u015bwi\u0119to obchodz\u0105 ksi\u0119garze.<\/strong> Nasze przedszkolaki uwielbiaj\u0105 ksi\u0105\u017cki, dlatego te\u017c zaj\u0119cia dydaktyczne w tym dniu po\u015bwi\u0119cone zosta\u0142y w\u0142a\u015bnie tej tematyce. Dzieci pozna\u0142y specyfik\u0119 pracy ksi\u0119garza i miejsca, jakim jest ksi\u0119garnia. Przypomnia\u0142y sobie r\u00f3\u017cne formy ksi\u0105\u017cek dla dzieci. Uwa\u017cnie \u015bledzi\u0142y proces ich powstawania, a nawet spr\u00f3bowa\u0142y swoich si\u0142 w samodzielnym tworzeniu ksi\u0105\u017cki. Nie zabrak\u0142o zabaw tematycznych i ruchowych. Powsta\u0142y ciekawe prace plastyczne inspirowane \u015bwi\u0119tem, mi\u0119dzy innymi w\u0142asnor\u0119cznie wykonane zak\u0142adki.<\/p>\n<p style=\"text-align: center;\">Zwie\u0144czeniem dnia by\u0142o spotkanie z wyj\u0105tkowym go\u015bciem \u2013 <strong>pani\u0105 Ma\u0142gorzat\u0105 Adamczyk z Miejsko-Gminnej Biblioteki w Kosowie Lackim<\/strong>, kt\u00f3ra zabra\u0142a naszych milusi\u0144skich do \u015bwiata wspania\u0142ych bohater\u00f3w bajkowych.<\/p>\n<p style=\"text-align: center;\">Dzi\u0119kujemy za mi\u0142o sp\u0119dzony razem czas!<\/p>\n<p style=\"text-align: right;\">E. Skorupka<\/p>\n<p style=\"text-align: center;\">Zaj\u0119cia zosta\u0142y zrealizowane w ramach realizacji Narodowego Programu Rozwoju Czytelnictwa 2.0 na lata 2021-2025<\/p>\n<p style=\"text-align: center;\"><img loading=\"lazy\" class=\"alignnone size-full wp-image-9479\" src=\"http:\/\/przedszkole.kosowlacki.pl\/wordpress\/wp-content\/uploads\/2022\/11\/nprcz-belka-men-bn-ik-nck-kolor-rgb-scaled.jpg\" alt=\"\" width=\"2560\" height=\"235\" srcset=\"http:\/\/przedszkole.kosowlacki.pl\/wordpress\/wp-content\/uploads\/2022\/11\/nprcz-belka-men-bn-ik-nck-kolor-rgb-scaled.jpg 2560w, http:\/\/przedszkole.kosowlacki.pl\/wordpress\/wp-content\/uploads\/2022\/11\/nprcz-belka-men-bn-ik-nck-kolor-rgb-300x28.jpg 300w, http:\/\/przedszkole.kosowlacki.pl\/wordpress\/wp-content\/uploads\/2022\/11\/nprcz-belka-men-bn-ik-nck-kolor-rgb-1024x94.jpg 1024w, http:\/\/przedszkole.kosowlacki.pl\/wordpress\/wp-content\/uploads\/2022\/11\/nprcz-belka-men-bn-ik-nck-kolor-rgb-768x71.jpg 768w, http:\/\/przedszkole.kosowlacki.pl\/wordpress\/wp-content\/uploads\/2022\/11\/nprcz-belka-men-bn-ik-nck-kolor-rgb-1536x141.jpg 1536w, http:\/\/przedszkole.kosowlacki.pl\/wordpress\/wp-content\/uploads\/2022\/11\/nprcz-belka-men-bn-ik-nck-kolor-rgb-2048x188.jpg 2048w, http:\/\/przedszkole.kosowlacki.pl\/wordpress\/wp-content\/uploads\/2022\/11\/nprcz-belka-men-bn-ik-nck-kolor-rgb-1920x176.jpg 1920w\" sizes=\"(max-width: 2560px) 100vw, 2560px\" \/><\/p>\n","protected":false},"excerpt":{"rendered":"<p>Cho\u0107 nie ma zamka ani kluczyka, cz\u0119sto otwierasz j\u0105 i zamykasz. W swym wn\u0119trzu wiele tajemnic mie\u015bci, wierszyk\u00f3w, bajek i opowie\u015bci. Kto w sklepie bez wagi sprzedaje du\u017co wierszy i bajek? 13 grudnia swoje \u015bwi\u0119to obchodz\u0105 ksi\u0119garze. Nasze przedszkolaki uwielbiaj\u0105 ksi\u0105\u017cki, dlatego te\u017c zaj\u0119cia dydaktyczne w tym dniu po\u015bwi\u0119cone zosta\u0142y w\u0142a\u015bnie tej tematyce. Dzieci pozna\u0142y&hellip; <br \/> <a class=\"read-more\" href=\"http:\/\/przedszkole.kosowlacki.pl\/wordpress\/dzien-ksiegarza\/\">Read more<\/a><\/p>\n","protected":false},"author":8,"featured_media":0,"comment_status":"open","ping_status":"open","sticky":false,"template":"","format":"standard","meta":[],"categories":[10],"tags":[],"_links":{"self":[{"href":"http:\/\/przedszkole.kosowlacki.pl\/wordpress\/wp-json\/wp\/v2\/posts\/10433"}],"collection":[{"href":"http:\/\/przedszkole.kosowlacki.pl\/wordpress\/wp-json\/wp\/v2\/posts"}],"about":[{"href":"http:\/\/przedszkole.kosowlacki.pl\/wordpress\/wp-json\/wp\/v2\/types\/post"}],"author":[{"embeddable":true,"href":"http:\/\/przedszkole.kosowlacki.pl\/wordpress\/wp-json\/wp\/v2\/users\/8"}],"replies":[{"embeddable":true,"href":"http:\/\/przedszkole.kosowlacki.pl\/wordpress\/wp-json\/wp\/v2\/comments?post=10433"}],"version-history":[{"count":2,"href":"http:\/\/przedszkole.kosowlacki.pl\/wordpress\/wp-json\/wp\/v2\/posts\/10433\/revisions"}],"predecessor-version":[{"id":10435,"href":"http:\/\/przedszkole.kosowlacki.pl\/wordpress\/wp-json\/wp\/v2\/posts\/10433\/revisions\/10435"}],"wp:attachment":[{"href":"http:\/\/przedszkole.kosowlacki.pl\/wordpress\/wp-json\/wp\/v2\/media?parent=10433"}],"wp:term":[{"taxonomy":"category","embeddable":true,"href":"http:\/\/przedszkole.kosowlacki.pl\/wordpress\/wp-json\/wp\/v2\/categories?post=10433"},{"taxonomy":"post_tag","embeddable":true,"href":"http:\/\/przedszkole.kosowlacki.pl\/wordpress\/wp-json\/wp\/v2\/tags?post=10433"}],"curies":[{"name":"wp","href":"https:\/\/api.w.org\/{rel}","templated":true}]}}