{"id":10429,"date":"2022-12-09T15:40:50","date_gmt":"2022-12-09T14:40:50","guid":{"rendered":"http:\/\/przedszkole.kosowlacki.pl\/wordpress\/?p=10429"},"modified":"2022-12-09T15:48:02","modified_gmt":"2022-12-09T14:48:02","slug":"zaproszenie-na-zajecia-otwarte","status":"publish","type":"post","link":"http:\/\/przedszkole.kosowlacki.pl\/wordpress\/zaproszenie-na-zajecia-otwarte\/","title":{"rendered":"Zaproszenie na zaj\u0119cia otwarte"},"content":{"rendered":"<h2>Serdecznie zapraszamy rodzic\u00f3w dzieci z grupy <span style=\"color: #ff0000;\">,,Muchomorki&#8221;<\/span> i <span style=\"color: #ff0000;\">,,Biedronki&#8221;<\/span> na zaj\u0119cia otwarte, kt\u00f3re odb\u0119d\u0105 si\u0119 <span style=\"color: #00ff00;\">16 grudnia<\/span> (pi\u0105tek) o godzinie <span style=\"color: #ff9900;\">9.30<\/span>.<\/h2>\n","protected":false},"excerpt":{"rendered":"<p>Serdecznie zapraszamy rodzic\u00f3w dzieci z grupy ,,Muchomorki&#8221; i ,,Biedronki&#8221; na zaj\u0119cia otwarte, kt\u00f3re odb\u0119d\u0105 si\u0119 16 grudnia (pi\u0105tek) o godzinie 9.30.<\/p>\n","protected":false},"author":2,"featured_media":0,"comment_status":"open","ping_status":"open","sticky":false,"template":"","format":"standard","meta":[],"categories":[11],"tags":[],"_links":{"self":[{"href":"http:\/\/przedszkole.kosowlacki.pl\/wordpress\/wp-json\/wp\/v2\/posts\/10429"}],"collection":[{"href":"http:\/\/przedszkole.kosowlacki.pl\/wordpress\/wp-json\/wp\/v2\/posts"}],"about":[{"href":"http:\/\/przedszkole.kosowlacki.pl\/wordpress\/wp-json\/wp\/v2\/types\/post"}],"author":[{"embeddable":true,"href":"http:\/\/przedszkole.kosowlacki.pl\/wordpress\/wp-json\/wp\/v2\/users\/2"}],"replies":[{"embeddable":true,"href":"http:\/\/przedszkole.kosowlacki.pl\/wordpress\/wp-json\/wp\/v2\/comments?post=10429"}],"version-history":[{"count":2,"href":"http:\/\/przedszkole.kosowlacki.pl\/wordpress\/wp-json\/wp\/v2\/posts\/10429\/revisions"}],"predecessor-version":[{"id":10431,"href":"http:\/\/przedszkole.kosowlacki.pl\/wordpress\/wp-json\/wp\/v2\/posts\/10429\/revisions\/10431"}],"wp:attachment":[{"href":"http:\/\/przedszkole.kosowlacki.pl\/wordpress\/wp-json\/wp\/v2\/media?parent=10429"}],"wp:term":[{"taxonomy":"category","embeddable":true,"href":"http:\/\/przedszkole.kosowlacki.pl\/wordpress\/wp-json\/wp\/v2\/categories?post=10429"},{"taxonomy":"post_tag","embeddable":true,"href":"http:\/\/przedszkole.kosowlacki.pl\/wordpress\/wp-json\/wp\/v2\/tags?post=10429"}],"curies":[{"name":"wp","href":"https:\/\/api.w.org\/{rel}","templated":true}]}}