{"id":10276,"date":"2022-12-08T15:05:34","date_gmt":"2022-12-08T14:05:34","guid":{"rendered":"http:\/\/przedszkole.kosowlacki.pl\/wordpress\/?p=10276"},"modified":"2022-12-08T15:05:34","modified_gmt":"2022-12-08T14:05:34","slug":"jaselka-w-przedszkolu","status":"publish","type":"post","link":"http:\/\/przedszkole.kosowlacki.pl\/wordpress\/jaselka-w-przedszkolu\/","title":{"rendered":"Jase\u0142ka w przedszkolu"},"content":{"rendered":"<h2>Serdecznie zapraszamy Rodzic\u00f3w dzieci <span style=\"color: #ff0000;\">6 letnich<\/span> ( <span style=\"color: #ff0000;\">Motylki i S\u0142oneczka<\/span>) na Jase\u0142ka, kt\u00f3re odb\u0119d\u0105 si\u0119 <span style=\"color: #ff0000;\">22 grudnia<\/span> (czwartek) o godzinie <span style=\"color: #ff0000;\">10.30<\/span> w sali gimnastycznej.<img loading=\"lazy\" class=\"wp-image-10277 aligncenter\" src=\"http:\/\/przedszkole.kosowlacki.pl\/wordpress\/wp-content\/uploads\/2022\/12\/stajenka.gif\" alt=\"\" width=\"308\" height=\"419\" \/><\/h2>\n","protected":false},"excerpt":{"rendered":"<p>Serdecznie zapraszamy Rodzic\u00f3w dzieci 6 letnich ( Motylki i S\u0142oneczka) na Jase\u0142ka, kt\u00f3re odb\u0119d\u0105 si\u0119 22 grudnia (czwartek) o godzinie 10.30 w sali gimnastycznej.<\/p>\n","protected":false},"author":2,"featured_media":0,"comment_status":"open","ping_status":"open","sticky":false,"template":"","format":"standard","meta":[],"categories":[11],"tags":[],"_links":{"self":[{"href":"http:\/\/przedszkole.kosowlacki.pl\/wordpress\/wp-json\/wp\/v2\/posts\/10276"}],"collection":[{"href":"http:\/\/przedszkole.kosowlacki.pl\/wordpress\/wp-json\/wp\/v2\/posts"}],"about":[{"href":"http:\/\/przedszkole.kosowlacki.pl\/wordpress\/wp-json\/wp\/v2\/types\/post"}],"author":[{"embeddable":true,"href":"http:\/\/przedszkole.kosowlacki.pl\/wordpress\/wp-json\/wp\/v2\/users\/2"}],"replies":[{"embeddable":true,"href":"http:\/\/przedszkole.kosowlacki.pl\/wordpress\/wp-json\/wp\/v2\/comments?post=10276"}],"version-history":[{"count":1,"href":"http:\/\/przedszkole.kosowlacki.pl\/wordpress\/wp-json\/wp\/v2\/posts\/10276\/revisions"}],"predecessor-version":[{"id":10278,"href":"http:\/\/przedszkole.kosowlacki.pl\/wordpress\/wp-json\/wp\/v2\/posts\/10276\/revisions\/10278"}],"wp:attachment":[{"href":"http:\/\/przedszkole.kosowlacki.pl\/wordpress\/wp-json\/wp\/v2\/media?parent=10276"}],"wp:term":[{"taxonomy":"category","embeddable":true,"href":"http:\/\/przedszkole.kosowlacki.pl\/wordpress\/wp-json\/wp\/v2\/categories?post=10276"},{"taxonomy":"post_tag","embeddable":true,"href":"http:\/\/przedszkole.kosowlacki.pl\/wordpress\/wp-json\/wp\/v2\/tags?post=10276"}],"curies":[{"name":"wp","href":"https:\/\/api.w.org\/{rel}","templated":true}]}}